


{"id":70389,"date":"2023-03-03T14:54:16","date_gmt":"2023-03-03T14:54:16","guid":{"rendered":"https:\/\/laboratoriosniam.com\/pt\/?p=70389"},"modified":"2023-09-13T15:00:39","modified_gmt":"2023-09-13T14:00:39","slug":"aumentar-imunidade-infantil","status":"publish","type":"post","link":"https:\/\/laboratoriosniam.com\/pt\/blog\/probioticos-defesas\/aumentar-imunidade-infantil\/","title":{"rendered":"Probi\u00f3ticos e vitaminas para aumentar a imunidade infantil"},"content":{"rendered":"<div id=\"ez-toc-container\" class=\"ez-toc-v2_0_82_1 counter-hierarchy ez-toc-counter ez-toc-grey ez-toc-container-direction\">\n<p class=\"ez-toc-title\" style=\"cursor:inherit\">\u00cdndice de conte\u00fados<\/p>\n<label for=\"ez-toc-cssicon-toggle-item-69f0dee78fe07\" class=\"ez-toc-cssicon-toggle-label\"><span class=\"\"><span class=\"eztoc-hide\" style=\"display:none;\">Toggle<\/span><span class=\"ez-toc-icon-toggle-span\"><svg style=\"fill: #999;color:#999\" xmlns=\"http:\/\/www.w3.org\/2000\/svg\" class=\"list-377408\" width=\"20px\" height=\"20px\" viewBox=\"0 0 24 24\" fill=\"none\"><path d=\"M6 6H4v2h2V6zm14 0H8v2h12V6zM4 11h2v2H4v-2zm16 0H8v2h12v-2zM4 16h2v2H4v-2zm16 0H8v2h12v-2z\" fill=\"currentColor\"><\/path><\/svg><svg style=\"fill: #999;color:#999\" class=\"arrow-unsorted-368013\" xmlns=\"http:\/\/www.w3.org\/2000\/svg\" width=\"10px\" height=\"10px\" viewBox=\"0 0 24 24\" version=\"1.2\" baseProfile=\"tiny\"><path d=\"M18.2 9.3l-6.2-6.3-6.2 6.3c-.2.2-.3.4-.3.7s.1.5.3.7c.2.2.4.3.7.3h11c.3 0 .5-.1.7-.3.2-.2.3-.5.3-.7s-.1-.5-.3-.7zM5.8 14.7l6.2 6.3 6.2-6.3c.2-.2.3-.5.3-.7s-.1-.5-.3-.7c-.2-.2-.4-.3-.7-.3h-11c-.3 0-.5.1-.7.3-.2.2-.3.5-.3.7s.1.5.3.7z\"\/><\/svg><\/span><\/span><\/label><input type=\"checkbox\"  id=\"ez-toc-cssicon-toggle-item-69f0dee78fe07\"  aria-label=\"Toggle\" \/><nav><ul class='ez-toc-list ez-toc-list-level-1 ' ><li class='ez-toc-page-1 ez-toc-heading-level-2'><a class=\"ez-toc-link ez-toc-heading-1\" href=\"https:\/\/laboratoriosniam.com\/pt\/blog\/probioticos-defesas\/aumentar-imunidade-infantil\/#Como_melhorar_o_sistema_imunitario_infantil\" >Como melhorar o sistema imunit\u00e1rio infantil?<\/a><\/li><li class='ez-toc-page-1 ez-toc-heading-level-2'><a class=\"ez-toc-link ez-toc-heading-2\" href=\"https:\/\/laboratoriosniam.com\/pt\/blog\/probioticos-defesas\/aumentar-imunidade-infantil\/#Probioticos_naturais_para_criancas\" >Probi\u00f3ticos naturais para crian\u00e7as<\/a><\/li><li class='ez-toc-page-1 ez-toc-heading-level-2'><a class=\"ez-toc-link ez-toc-heading-3\" href=\"https:\/\/laboratoriosniam.com\/pt\/blog\/probioticos-defesas\/aumentar-imunidade-infantil\/#Vitaminas_que_reforcam_a_imunidade_das_criancas_quais_sao_as_mais_importantes\" >Vitaminas que refor\u00e7am a imunidade das crian\u00e7as: quais s\u00e3o as mais importantes?<\/a><\/li><li class='ez-toc-page-1 ez-toc-heading-level-2'><a class=\"ez-toc-link ez-toc-heading-4\" href=\"https:\/\/laboratoriosniam.com\/pt\/blog\/probioticos-defesas\/aumentar-imunidade-infantil\/#Suplementos_alimentares_e_multivitaminicos_para_o_sistema_imunologico_infantil\" >Suplementos alimentares e multivitam\u00ednicos para o sistema imunol\u00f3gico infantil<\/a><\/li><li class='ez-toc-page-1 ez-toc-heading-level-2'><a class=\"ez-toc-link ez-toc-heading-5\" href=\"https:\/\/laboratoriosniam.com\/pt\/blog\/probioticos-defesas\/aumentar-imunidade-infantil\/#Vitaminas_em_goma_para_as_criancas_conheca_EMITIUM%C2%AE_Imunologia\" >Vitaminas em goma para as crian\u00e7as:  conhe\u00e7a EMITIUM\u00ae Imunologia<\/a><\/li><\/ul><\/nav><\/div>\n\n<p class=\"has-text-align-center\" style=\"font-size:22px\">Sabe que h\u00e1 probi\u00f3ticos e vitaminas que ajudam a aumentar imunidade infantil? Ent\u00e3o leia este artigo e descubra quais s\u00e3o os melhores e em que formatos pode encontrar.<\/p>\n\n\n\n<h2 class=\"has-text-align-center has-text-color wp-block-heading\" style=\"color:#216ba1\"><span class=\"ez-toc-section\" id=\"Como_melhorar_o_sistema_imunitario_infantil\"><\/span>Como melhorar o sistema imunit\u00e1rio infantil?<span class=\"ez-toc-section-end\"><\/span><\/h2>\n\n\n\n<p>Primeiramente, h\u00e1 que definir <strong>o que \u00e9 um sistema imunol\u00f3gico ou imunit\u00e1rio<\/strong>.<\/p>\n\n\n\n<p>Este \u00e9 um conjunto de <strong>\u00f3rg\u00e3os, tecidos e c\u00e9lulas<\/strong> que permite que exista um <strong>equil\u00edbrio do organismo<\/strong>, que defende ataques externos como bact\u00e9rias, v\u00edrus e outros microrganismos. E quando nos referimos \u00e0s <strong>defesas, \u00e9 o conjunto de mecanismos do nosso corpo <\/strong>que nos protegem e lutam contra agentes externos. \u00c9 por isso que, quando as defesas est\u00e3o em baixo, temos mais probabilidades de ficar doentes.<br>Sendo as<strong> crian\u00e7as mais suscet\u00edveis<\/strong> a apanharem mais<strong> bact\u00e9rias, v\u00edrus e outros microrganismo<\/strong>s, \u00e9 <strong>fundamental <a href=\"https:\/\/laboratoriosniam.com\/pt\/produto\/emitium-imunologia\/\" target=\"_blank\" rel=\" noopener\">refor\u00e7ar o sistema imunit\u00e1rio<\/a><\/strong>, para que se mantenham saud\u00e1veis e evitem os resfriados e outras infe\u00e7\u00f5es.<\/p>\n\n\n\n<p>Embora existam muitos fatores que influenciam o nosso sistema imunol\u00f3gico, o mais importante, quando se trata de <strong>aumentar a imunidade em crian\u00e7as, \u00e9 a alimenta\u00e7\u00e3o.<\/strong><br>Sugerimos que priorize as <strong>frutas e os legumes<\/strong>, especialmente os sazonais, pois s\u00e3o fundamentais para o seu bem-estar f\u00edsico.<\/p>\n\n\n\n<p>Al\u00e9m disso, <strong>o exerc\u00edcio f\u00edsico <\/strong>tamb\u00e9m \u00e9 fundamental para manter sua <strong>sa\u00fade f\u00edsica e mental<\/strong>. E, claro, tanto os adultos como as crian\u00e7as devem seguir hor\u00e1rios mais consistentes e ter <strong>mais tempo de descanso,<\/strong> dormir bem \u00e9 fundamental para que o corpo possa se recuperar e revitalizar.<\/p>\n\n\n\n<p><strong>E quando isto n\u00e3o \u00e9 suficiente? <\/strong><br>Iremos explicar, ao longo do artigo, quais as alternativas que existem para <strong>fortalecer o sistema imunol\u00f3gico das crian\u00e7as.<\/strong><\/p>\n\n\n<div class=\"wp-block-image\">\n<figure class=\"aligncenter size-large is-resized\"><a href=\"https:\/\/laboratoriosniam.com\/pt\/produto\/emitium-imunologia\/\" target=\"_blank\" rel=\"noopener\"><img loading=\"lazy\" decoding=\"async\" src=\"https:\/\/laboratoriosniam.com\/pt\/wp-content\/uploads\/2023\/01\/230120-EMITIUM-inmuno-PT-criancas-800x800.jpg\" alt=\"Probi\u00f3ticos + Vitaminas para o sistema imunol\u00f3gico\" class=\"wp-image-69517\" width=\"450\" height=\"450\" srcset=\"https:\/\/laboratoriosniam.com\/pt\/wp-content\/uploads\/2023\/01\/230120-EMITIUM-inmuno-PT-criancas-800x800.jpg 800w, https:\/\/laboratoriosniam.com\/pt\/wp-content\/uploads\/2023\/01\/230120-EMITIUM-inmuno-PT-criancas-400x400.jpg 400w, https:\/\/laboratoriosniam.com\/pt\/wp-content\/uploads\/2023\/01\/230120-EMITIUM-inmuno-PT-criancas-280x280.jpg 280w, https:\/\/laboratoriosniam.com\/pt\/wp-content\/uploads\/2023\/01\/230120-EMITIUM-inmuno-PT-criancas-768x768.jpg 768w, https:\/\/laboratoriosniam.com\/pt\/wp-content\/uploads\/2023\/01\/230120-EMITIUM-inmuno-PT-criancas-247x247.jpg 247w, https:\/\/laboratoriosniam.com\/pt\/wp-content\/uploads\/2023\/01\/230120-EMITIUM-inmuno-PT-criancas-100x100.jpg 100w, https:\/\/laboratoriosniam.com\/pt\/wp-content\/uploads\/2023\/01\/230120-EMITIUM-inmuno-PT-criancas-90x90.jpg 90w, https:\/\/laboratoriosniam.com\/pt\/wp-content\/uploads\/2023\/01\/230120-EMITIUM-inmuno-PT-criancas.jpg 1024w\" sizes=\"auto, (max-width: 450px) 100vw, 450px\" \/><\/a><\/figure>\n<\/div>\n\n\n<h2 class=\"has-text-align-center has-text-color wp-block-heading\" style=\"color:#216ba1\"><span class=\"ez-toc-section\" id=\"Probioticos_naturais_para_criancas\"><\/span>Probi\u00f3ticos naturais para crian\u00e7as<span class=\"ez-toc-section-end\"><\/span><\/h2>\n\n\n\n<p>Uma das maneiras de <strong>fortalecer a imunidade infantil \u00e9 atrav\u00e9s de probi\u00f3ticos.<\/strong><br>Acreditamos que a palavra \u201cprobi\u00f3ticos\u201d pode parecer algo &#8220;forte&#8221;, mas cada vez mais, os m\u00e9dicos recomendam, porque s\u00e3o uma <strong>maneira natural de aumentar as defesas das crian\u00e7as<\/strong> contra a constipa\u00e7\u00e3o, diarreia, intoler\u00e2ncias alimentares entre outros problemas, que enfraquecem o sistema imunol\u00f3gico.<\/p>\n\n\n\n<p>Atualmente, existem<strong> duas maneiras de obter os probi\u00f3ticos naturalmente<\/strong>: uma \u00e9 atrav\u00e9s de <strong>alimentos<\/strong> e outra atrav\u00e9s de <strong>suplementos espec\u00edficos<\/strong>. <br>Podemos encontrar em alguns alimentos como iogurte natural ou kefir.<\/p>\n\n\n\n<p><strong>O problema \u00e9 que nem sempre os alimentos s\u00e3o totalmente eficazes<\/strong> ou n<strong>\u00e3o s\u00e3o f\u00e1ceis de ingerir, sobretudo por crian\u00e7as. <\/strong><\/p>\n\n\n\n<p>Gra\u00e7as aos avan\u00e7os, dos \u00faltimos anos, t\u00eam surgindo <strong>suplementos com probi\u00f3ticos<\/strong>, que garantem a sua estabilidade e benef\u00edcios.<\/p>\n\n\n\n<h2 class=\"has-text-align-center has-text-color wp-block-heading\" style=\"color:#216ba1\"><span class=\"ez-toc-section\" id=\"Vitaminas_que_reforcam_a_imunidade_das_criancas_quais_sao_as_mais_importantes\"><\/span>Vitaminas que refor\u00e7am a imunidade das crian\u00e7as: quais s\u00e3o as mais importantes?<span class=\"ez-toc-section-end\"><\/span><\/h2>\n\n\n\n<p>Todas as vitaminas e nutrientes desempenham um papel muito importante na sa\u00fade dos adultos e das crian\u00e7as. Mas, existem alguns minerais espec\u00edficos que t\u00eam um papel fundamental no aumento das defesas dos mais jovens contra os agentes externos. <\/p>\n\n\n\n<p><strong>Como por exemplo:<\/strong><\/p>\n\n\n\n<ul class=\"background-seccion-post wp-block-list\">\n<li>Vitamina A: est\u00e1 ligada ao crescimento, desenvolvimento e funcionamento de v\u00e1rios \u00f3rg\u00e3os do corpo.<\/li>\n\n\n\n<li>Vitaminas do complexo B, especificamente vitamina B6 (essencial nos processos qu\u00edmicos do corpo e no desenvolvimento do c\u00e9rebro) e B12 (envolvida na forma\u00e7\u00e3o de gl\u00f3bulos vermelhos e na manuten\u00e7\u00e3o da sa\u00fade neuronal).<\/li>\n\n\n\n<li>Vitamina D: ajuda a absorver o c\u00e1lcio, o que permite que tenha ossos e m\u00fasculos fortes.<\/li>\n\n\n\n<li>O zinco \u00e9 um nutriente presente em todas as c\u00e9lulas do corpo, porque ajuda o sistema imunol\u00f3gico a combater bact\u00e9rias e v\u00edrus.<\/li>\n\n\n\n<li>O sel\u00e9nio \u00e9 outro nutriente que ajuda a proteger o corpo de infe\u00e7\u00f5es e danos causados pelos radicais livres.<\/li>\n\n\n\n<li>Cobre &#8211; para realizar uma infinidade de fun\u00e7\u00f5es, como a produ\u00e7\u00e3o de energia, e tamb\u00e9m est\u00e1 relacionado ao desenvolvimento do c\u00e9rebro<\/li>\n<\/ul>\n\n\n<div class=\"wp-block-image\">\n<figure class=\"aligncenter size-full\"><img loading=\"lazy\" decoding=\"async\" width=\"500\" height=\"262\" src=\"https:\/\/laboratoriosniam.com\/pt\/wp-content\/uploads\/2023\/02\/IMG-criancas-laranjas.png\" alt=\"vitamina C\" class=\"wp-image-70414\" srcset=\"https:\/\/laboratoriosniam.com\/pt\/wp-content\/uploads\/2023\/02\/IMG-criancas-laranjas.png 500w, https:\/\/laboratoriosniam.com\/pt\/wp-content\/uploads\/2023\/02\/IMG-criancas-laranjas-247x129.png 247w, https:\/\/laboratoriosniam.com\/pt\/wp-content\/uploads\/2023\/02\/IMG-criancas-laranjas-172x90.png 172w\" sizes=\"auto, (max-width: 500px) 100vw, 500px\" \/><\/figure>\n<\/div>\n\n\n<h3 class=\"has-text-align-center has-text-color wp-block-heading\" style=\"color:#216ba1\">A import\u00e2ncia da Vitamina C para as crian\u00e7as<\/h3>\n\n\n\n<p>Agora que j\u00e1 resumimos as vitaminas, real\u00e7amos a vitamina que consideramos <strong>mais importante para as crian\u00e7as, que \u00e9 a vitamina C<\/strong>.<\/p>\n\n\n\n<p>A vitamina C \u00e9 fundamental, porque <strong>ajuda a fortalecer as defesas do nosso corpo<\/strong>, ajudando a aumentar a imunidade infantil.<\/p>\n\n\n\n<p>\u00c9, tamb\u00e9m, por este motivo, que a grande maioria dos suplementos vitam\u00ednicos para crian\u00e7as inclui vitamina C. Desta forma, al\u00e9m de fortalecer as defesas, ao contribuir para o funcionamento normal do sistema imunit\u00e1rio, tamb\u00e9m ajuda a reduzir o cansa\u00e7o e a fadiga.<\/p>\n\n\n\n<h2 class=\"has-text-align-center has-text-color wp-block-heading\" style=\"color:#216ba1\"><span class=\"ez-toc-section\" id=\"Suplementos_alimentares_e_multivitaminicos_para_o_sistema_imunologico_infantil\"><\/span>Suplementos alimentares e multivitam\u00ednicos para o sistema imunol\u00f3gico infantil<span class=\"ez-toc-section-end\"><\/span><\/h2>\n\n\n\n<p>Ao longo deste artigo, temos dito que certos probi\u00f3ticos e vitaminas podem ajudar a fortalecer o sistema imunol\u00f3gico das crian\u00e7as. <strong>Ent\u00e3o e<\/strong> <strong>quais s\u00e3o esses probi\u00f3ticos\/ suplementos<\/strong>?<br><br>Existem diferentes tipos de suplementos para crian\u00e7as, com <strong>probi\u00f3ticos que podem aumentar a imunidade infantil, destacamos<\/strong>\u00a0<strong>dois tipos de probi\u00f3ticos que s\u00e3o essenciais<\/strong>:<\/p>\n\n\n\n<ul class=\"background-seccion-post wp-block-list\">\n<li><em>Lactobacillus acidophilus:&nbsp;<\/em>\u00e9 um dos probi\u00f3ticos mais estudados em crian\u00e7as, e provou ser uma ajuda no&nbsp;<strong>aumento das defesas e preven\u00e7\u00e3o de infe\u00e7\u00f5es<\/strong>. Alguns estudos concluem que esta estirpe ajuda a reduzir a dura\u00e7\u00e3o da diarreia, aumentando a digest\u00e3o da lactose, e tamb\u00e9m mostrou diminuir os sintomas cut\u00e2neos e gastrointestinais ligados a alergias alimentares.<\/li>\n\n\n\n<li><em>Lactobacillus plantarum:<\/em> tem vindo a ser comprovado, que esta estirpe, em combina\u00e7\u00e3o com outros probi\u00f3ticos, melhora a pris\u00e3o de ventre e ajuda a reduzir a dor abdominal.<\/li>\n<\/ul>\n\n\n<div class=\"wp-block-image\">\n<figure class=\"aligncenter size-full\"><img loading=\"lazy\" decoding=\"async\" width=\"500\" height=\"262\" src=\"https:\/\/laboratoriosniam.com\/pt\/wp-content\/uploads\/2023\/02\/IMG-mulher-vitaminas-infantil.png\" alt=\"sistema imunit\u00e1rio infantil\" class=\"wp-image-70416\" srcset=\"https:\/\/laboratoriosniam.com\/pt\/wp-content\/uploads\/2023\/02\/IMG-mulher-vitaminas-infantil.png 500w, https:\/\/laboratoriosniam.com\/pt\/wp-content\/uploads\/2023\/02\/IMG-mulher-vitaminas-infantil-247x129.png 247w, https:\/\/laboratoriosniam.com\/pt\/wp-content\/uploads\/2023\/02\/IMG-mulher-vitaminas-infantil-172x90.png 172w\" sizes=\"auto, (max-width: 500px) 100vw, 500px\" \/><\/figure>\n<\/div>\n\n\n<h3 class=\"has-text-align-center has-text-color wp-block-heading\" style=\"color:#216ba1\">O que uma crian\u00e7a pode tomar para aumentar as defesas?<\/h3>\n\n\n\n<p>Como mencionamos anteriormente, <strong>o mais importante ser\u00e1 sempre ter uma dieta equilibrada e saud\u00e1vel e ter bons h\u00e1bitos<\/strong>, isto ajudar\u00e1 o seu sistema imunol\u00f3gico a se fortalecer \u00e0 medida que cresce.<\/p>\n\n\n\n<p>No entanto, h\u00e1 casos em que um especialista ou m\u00e9dico da \u00e1rea, pode determinar que seja necess\u00e1rio um <strong>extra de vitaminas e nutrientes<\/strong> e sugerir suplementos espec\u00edficos que ajudam a aumentar a imunidade infantil.<\/p>\n\n\n\n<p>Os suplementos alimentares s\u00e3o geralmente apresentados em formato de c\u00e1psula, o que dificulta a ingest\u00e3o, principalmente para crian\u00e7as.<br>No entanto, pouco a pouco, no mercado foram aparecendo suplementos em diferentes formatos que facilitam a sua toma. Entre eles, <strong>xaropes e gomas<\/strong>.<\/p>\n\n\n\n<h3 class=\"has-text-align-center has-text-color wp-block-heading\" style=\"color:#216ba1\">Xaropes, vitaminas em forma de gomas e outros suplementos para a imunidade das crian\u00e7as<\/h3>\n\n\n\n<p>Embora os suplementos para crian\u00e7as em formato de <strong>xarope sejam um pouco mais f\u00e1cil de tomar do que as c\u00e1psulas, pode ser mais complicado controlar a dose.<\/strong> E tamb\u00e9m s\u00e3o mais dif\u00edceis de transportar, podem ter um sabor um pouco desagrad\u00e1vel e podem n\u00e3o ser totalmente eficazes. <\/p>\n\n\n\n<p>\u00c9 por estes motivos, que real\u00e7amos que o <strong>formato mais inovador s\u00e3o as vitaminas em forma de gomas<\/strong>. Al\u00e9m de ser <strong>f\u00e1cil de tomar<\/strong>, consegue transportar para qualquer lado e nos casos em que os seus componentes foram tratados de forma otimizada, eles continuam a manter os efeitos ben\u00e9ficos dos seus componentes. Como \u00e9 o caso do <strong>EMITIUM\u00ae IMUNOLOGIA<\/strong>.<\/p>\n\n\n<div class=\"wp-block-image\">\n<figure class=\"aligncenter size-full is-resized\"><a href=\"https:\/\/laboratoriosniam.com\/pt\/produto\/emitium-imunologia\/\" target=\"_blank\" rel=\"noopener\"><img loading=\"lazy\" decoding=\"async\" src=\"https:\/\/laboratoriosniam.com\/pt\/wp-content\/uploads\/2023\/01\/PT-Inmuno-Bannerblog2.jpg\" alt=\"Banner Imuno Pr - Fortalecer as defesas\" class=\"wp-image-69453\" width=\"450\" height=\"450\" srcset=\"https:\/\/laboratoriosniam.com\/pt\/wp-content\/uploads\/2023\/01\/PT-Inmuno-Bannerblog2.jpg 600w, https:\/\/laboratoriosniam.com\/pt\/wp-content\/uploads\/2023\/01\/PT-Inmuno-Bannerblog2-400x400.jpg 400w, https:\/\/laboratoriosniam.com\/pt\/wp-content\/uploads\/2023\/01\/PT-Inmuno-Bannerblog2-280x280.jpg 280w, https:\/\/laboratoriosniam.com\/pt\/wp-content\/uploads\/2023\/01\/PT-Inmuno-Bannerblog2-247x247.jpg 247w, https:\/\/laboratoriosniam.com\/pt\/wp-content\/uploads\/2023\/01\/PT-Inmuno-Bannerblog2-100x100.jpg 100w, https:\/\/laboratoriosniam.com\/pt\/wp-content\/uploads\/2023\/01\/PT-Inmuno-Bannerblog2-90x90.jpg 90w\" sizes=\"auto, (max-width: 450px) 100vw, 450px\" \/><\/a><\/figure>\n<\/div>\n\n\n<h2 class=\"has-text-align-center has-text-color wp-block-heading\" style=\"color:#216ba1\"><span class=\"ez-toc-section\" id=\"Vitaminas_em_goma_para_as_criancas_conheca_EMITIUM%C2%AE_Imunologia\"><\/span>Vitaminas em goma para as crian\u00e7as: <br>conhe\u00e7a EMITIUM\u00ae Imunologia<span class=\"ez-toc-section-end\"><\/span><\/h2>\n\n\n\n<p>S\u00e3o <strong>gomas 100% naturais sem adi\u00e7\u00e3o de a\u00e7\u00facares<\/strong>. Este formato <strong>melhora a sua absor\u00e7\u00e3o<\/strong> e al\u00e9m disto, torna-o <strong>mais acess\u00edvel para as crian\u00e7as<\/strong>, que podem <strong>tomar com seguran\u00e7a a partir dos 4 anos.<\/strong><\/p>\n\n\n\n<p>Al\u00e9m disto, este tipo de formato, ajuda a manter os benef\u00edcios dos seus probi\u00f3ticos e vitaminas, gra\u00e7as ao processo de tindaliza\u00e7\u00e3o.<\/p>\n\n\n\n<p><strong>EMITIUM\u00ae Imunologia<\/strong> \u00e9 um suplemento alimentar com probi\u00f3ticos tindalizados e nutrientes como a vitamina C, vitamina D, Zinco ou sel\u00e9nio, que contribuem para o <strong><a href=\"https:\/\/laboratoriosniam.com\/pt\/produto\/emitium-imunologia\/\" target=\"_blank\" rel=\" noopener\">normal funcionamento do sistema imunit\u00e1rio.<\/a><\/strong><\/p>\n\n\n\n<p>As estirpes especificamente selecionadas, como  L. acidophilus, L. plantarum e L. paracasei, juntamente com a vitamina C, sel\u00e9nio, zinco e cobre, contribuem para fortalecer o corpo contra as agress\u00f5es externas.<\/p>\n\n\n\n<p><strong>Como se toma?<\/strong> simples, <strong>1 goma por dia em crian\u00e7as de 4 a 12 anos de idade<\/strong> e <strong>2 gomas por dia no caso de adultos<\/strong>. <\/p>\n\n\n\n<p>Relembramos que al\u00e9m dos suplementos \u00e9 importante ter uma alimenta\u00e7\u00e3o variada e equilibrada.<br>Se procurava algo para aumentar as suas defesas, das crian\u00e7as ou de toda a sua fam\u00edlia, encontrou! <strong><a href=\"https:\/\/laboratoriosniam.com\/pt\/produto\/emitium-imunologia\/\" target=\"_blank\" rel=\"noopener\">EMITIUM\u00aeImunologia<\/a> \u00e9 o suplemento que necessitava para refor\u00e7ar o sistema imunit\u00e1rio. <\/strong>\ud83d\ude09<\/p>\n\n\n\n<p style=\"font-size:17px\"><strong>Refer\u00eancias<\/strong>:<\/p>\n\n\n\n<ol class=\"wp-block-list\">\n<li>Cr\u00f3 Braz, M. (2013) <a href=\"https:\/\/www.noticiasaominuto.com\/lifestyle\/1607909\/probioticos-sao-chave-na-prevencao-de-doencas-respiratorias-em-criancas\" target=\"_blank\" rel=\"noopener nofollow\">Como refor\u00e7ar o sistema imunit\u00e1rio do beb\u00e9<\/a>. CUF.<\/li>\n\n\n\n<li>Noticias ao Minuto (2020). <a href=\"https:\/\/www.noticiasaominuto.com\/lifestyle\/1607909\/probioticos-sao-chave-na-prevencao-de-doencas-respiratorias-em-criancas\" target=\"_blank\" rel=\"noopener nofollow\">&#8220;Probi\u00f3ticos s\u00e3o chave na preven\u00e7\u00e3o de doen\u00e7as respirat\u00f3rias em crian\u00e7as&#8221;<\/a>.<\/li>\n<\/ol>\n","protected":false},"excerpt":{"rendered":"<p>Sabe que h\u00e1 probi\u00f3ticos e vitaminas que ajudam a aumentar imunidade infantil? Ent\u00e3o leia este artigo e descubra quais s\u00e3o os melhores e em que formatos pode encontrar. Como melhorar&#8230;<\/p>\n","protected":false},"author":2362,"featured_media":70398,"comment_status":"open","ping_status":"closed","sticky":false,"template":"","format":"standard","meta":{"_acf_changed":false,"footnotes":""},"categories":[100,99],"tags":[],"class_list":["post-70389","post","type-post","status-publish","format-standard","has-post-thumbnail","hentry","category-bem-estar","category-probioticos-defesas"],"acf":[],"yoast_head":"<!-- This site is optimized with the Yoast SEO plugin v27.2 - https:\/\/yoast.com\/product\/yoast-seo-wordpress\/ -->\n<title>Como aumentar a imunidade infantil com probi\u00f3ticos e vitaminas?<\/title>\n<meta name=\"description\" content=\"Sabia que certos probi\u00f3ticos e vitaminas ajudam a aumentar a imunidade infantil? Descubra quais s\u00e3o os melhores. \ud83c\udf4a\ud83c\udf4b\" \/>\n<meta name=\"robots\" content=\"index, follow, max-snippet:-1, max-image-preview:large, max-video-preview:-1\" \/>\n<link rel=\"canonical\" href=\"https:\/\/laboratoriosniam.com\/pt\/blog\/probioticos-defesas\/aumentar-imunidade-infantil\/\" \/>\n<meta property=\"og:locale\" content=\"pt_PT\" \/>\n<meta property=\"og:type\" content=\"article\" \/>\n<meta property=\"og:title\" content=\"Como aumentar a imunidade infantil com probi\u00f3ticos e vitaminas?\" \/>\n<meta property=\"og:description\" content=\"Sabia que certos probi\u00f3ticos e vitaminas ajudam a aumentar a imunidade infantil? Descubra quais s\u00e3o os melhores. \ud83c\udf4a\ud83c\udf4b\" \/>\n<meta property=\"og:url\" content=\"https:\/\/laboratoriosniam.com\/pt\/blog\/probioticos-defesas\/aumentar-imunidade-infantil\/\" \/>\n<meta property=\"og:site_name\" content=\"Laborat\u00f3rios Niam Portugal\" \/>\n<meta property=\"article:published_time\" content=\"2023-03-03T14:54:16+00:00\" \/>\n<meta property=\"article:modified_time\" content=\"2023-09-13T14:00:39+00:00\" \/>\n<meta property=\"og:image\" content=\"https:\/\/laboratoriosniam.com\/pt\/wp-content\/uploads\/2023\/02\/PT-PLANTILLA_Cabecera_Blog_Inmunologia_sonia.jpg\" \/>\n\t<meta property=\"og:image:width\" content=\"1200\" \/>\n\t<meta property=\"og:image:height\" content=\"628\" \/>\n\t<meta property=\"og:image:type\" content=\"image\/jpeg\" \/>\n<meta name=\"author\" content=\"S\u00f3nia Ramos\" \/>\n<meta name=\"twitter:card\" content=\"summary_large_image\" \/>\n<meta name=\"twitter:label1\" content=\"Escrito por\" \/>\n\t<meta name=\"twitter:data1\" content=\"S\u00f3nia Ramos\" \/>\n\t<meta name=\"twitter:label2\" content=\"Tempo estimado de leitura\" \/>\n\t<meta name=\"twitter:data2\" content=\"7 minutos\" \/>\n<script type=\"application\/ld+json\" class=\"yoast-schema-graph\">{\"@context\":\"https:\/\/schema.org\",\"@graph\":[{\"@type\":\"Article\",\"@id\":\"https:\/\/laboratoriosniam.com\/pt\/blog\/probioticos-defesas\/aumentar-imunidade-infantil\/#article\",\"isPartOf\":{\"@id\":\"https:\/\/laboratoriosniam.com\/pt\/blog\/probioticos-defesas\/aumentar-imunidade-infantil\/\"},\"author\":{\"name\":\"S\u00f3nia Ramos\",\"@id\":\"https:\/\/laboratoriosniam.com\/pt\/#\/schema\/person\/3afaf44314feeae77776c3ada4ba3b74\"},\"headline\":\"Probi\u00f3ticos e vitaminas para aumentar a imunidade infantil\",\"datePublished\":\"2023-03-03T14:54:16+00:00\",\"dateModified\":\"2023-09-13T14:00:39+00:00\",\"mainEntityOfPage\":{\"@id\":\"https:\/\/laboratoriosniam.com\/pt\/blog\/probioticos-defesas\/aumentar-imunidade-infantil\/\"},\"wordCount\":1405,\"commentCount\":0,\"publisher\":{\"@id\":\"https:\/\/laboratoriosniam.com\/pt\/#organization\"},\"image\":{\"@id\":\"https:\/\/laboratoriosniam.com\/pt\/blog\/probioticos-defesas\/aumentar-imunidade-infantil\/#primaryimage\"},\"thumbnailUrl\":\"https:\/\/laboratoriosniam.com\/pt\/wp-content\/uploads\/2023\/02\/PT-PLANTILLA_Cabecera_Blog_Inmunologia_sonia.jpg\",\"articleSection\":[\"Bem-estar\",\"Defesas\"],\"inLanguage\":\"pt-PT\",\"potentialAction\":[{\"@type\":\"CommentAction\",\"name\":\"Comment\",\"target\":[\"https:\/\/laboratoriosniam.com\/pt\/blog\/probioticos-defesas\/aumentar-imunidade-infantil\/#respond\"]}]},{\"@type\":\"WebPage\",\"@id\":\"https:\/\/laboratoriosniam.com\/pt\/blog\/probioticos-defesas\/aumentar-imunidade-infantil\/\",\"url\":\"https:\/\/laboratoriosniam.com\/pt\/blog\/probioticos-defesas\/aumentar-imunidade-infantil\/\",\"name\":\"Como aumentar a imunidade infantil com probi\u00f3ticos e vitaminas?\",\"isPartOf\":{\"@id\":\"https:\/\/laboratoriosniam.com\/pt\/#website\"},\"primaryImageOfPage\":{\"@id\":\"https:\/\/laboratoriosniam.com\/pt\/blog\/probioticos-defesas\/aumentar-imunidade-infantil\/#primaryimage\"},\"image\":{\"@id\":\"https:\/\/laboratoriosniam.com\/pt\/blog\/probioticos-defesas\/aumentar-imunidade-infantil\/#primaryimage\"},\"thumbnailUrl\":\"https:\/\/laboratoriosniam.com\/pt\/wp-content\/uploads\/2023\/02\/PT-PLANTILLA_Cabecera_Blog_Inmunologia_sonia.jpg\",\"datePublished\":\"2023-03-03T14:54:16+00:00\",\"dateModified\":\"2023-09-13T14:00:39+00:00\",\"description\":\"Sabia que certos probi\u00f3ticos e vitaminas ajudam a aumentar a imunidade infantil? Descubra quais s\u00e3o os melhores. \ud83c\udf4a\ud83c\udf4b\",\"breadcrumb\":{\"@id\":\"https:\/\/laboratoriosniam.com\/pt\/blog\/probioticos-defesas\/aumentar-imunidade-infantil\/#breadcrumb\"},\"inLanguage\":\"pt-PT\",\"potentialAction\":[{\"@type\":\"ReadAction\",\"target\":[\"https:\/\/laboratoriosniam.com\/pt\/blog\/probioticos-defesas\/aumentar-imunidade-infantil\/\"]}]},{\"@type\":\"ImageObject\",\"inLanguage\":\"pt-PT\",\"@id\":\"https:\/\/laboratoriosniam.com\/pt\/blog\/probioticos-defesas\/aumentar-imunidade-infantil\/#primaryimage\",\"url\":\"https:\/\/laboratoriosniam.com\/pt\/wp-content\/uploads\/2023\/02\/PT-PLANTILLA_Cabecera_Blog_Inmunologia_sonia.jpg\",\"contentUrl\":\"https:\/\/laboratoriosniam.com\/pt\/wp-content\/uploads\/2023\/02\/PT-PLANTILLA_Cabecera_Blog_Inmunologia_sonia.jpg\",\"width\":1200,\"height\":628,\"caption\":\"S\u00f3nia Moreira\"},{\"@type\":\"BreadcrumbList\",\"@id\":\"https:\/\/laboratoriosniam.com\/pt\/blog\/probioticos-defesas\/aumentar-imunidade-infantil\/#breadcrumb\",\"itemListElement\":[{\"@type\":\"ListItem\",\"position\":1,\"name\":\"In\u00edcio\",\"item\":\"https:\/\/laboratoriosniam.com\/pt\/\"},{\"@type\":\"ListItem\",\"position\":2,\"name\":\"Defesas\",\"item\":\"https:\/\/laboratoriosniam.com\/pt\/blog\/probioticos-defesas\/\"},{\"@type\":\"ListItem\",\"position\":3,\"name\":\"Probi\u00f3ticos e vitaminas para aumentar a imunidade infantil\"}]},{\"@type\":\"WebSite\",\"@id\":\"https:\/\/laboratoriosniam.com\/pt\/#website\",\"url\":\"https:\/\/laboratoriosniam.com\/pt\/\",\"name\":\"Laborat\u00f3rios Niam Portugal\",\"description\":\"Suplementos alimentares - efic\u00e1cia natural\",\"publisher\":{\"@id\":\"https:\/\/laboratoriosniam.com\/pt\/#organization\"},\"potentialAction\":[{\"@type\":\"SearchAction\",\"target\":{\"@type\":\"EntryPoint\",\"urlTemplate\":\"https:\/\/laboratoriosniam.com\/pt\/?s={search_term_string}\"},\"query-input\":{\"@type\":\"PropertyValueSpecification\",\"valueRequired\":true,\"valueName\":\"search_term_string\"}}],\"inLanguage\":\"pt-PT\"},{\"@type\":\"Organization\",\"@id\":\"https:\/\/laboratoriosniam.com\/pt\/#organization\",\"name\":\"Laboratorios NIAM\",\"url\":\"https:\/\/laboratoriosniam.com\/pt\/\",\"logo\":{\"@type\":\"ImageObject\",\"inLanguage\":\"pt-PT\",\"@id\":\"https:\/\/laboratoriosniam.com\/pt\/#\/schema\/logo\/image\/\",\"url\":\"\",\"contentUrl\":\"\",\"caption\":\"Laboratorios NIAM\"},\"image\":{\"@id\":\"https:\/\/laboratoriosniam.com\/pt\/#\/schema\/logo\/image\/\"}},{\"@type\":\"Person\",\"@id\":\"https:\/\/laboratoriosniam.com\/pt\/#\/schema\/person\/3afaf44314feeae77776c3ada4ba3b74\",\"name\":\"S\u00f3nia Ramos\",\"image\":{\"@type\":\"ImageObject\",\"inLanguage\":\"pt-PT\",\"@id\":\"https:\/\/secure.gravatar.com\/avatar\/3b8515f618bf80d563e47e22d88f3a74b4fb65814966f2c27dccc80aaaf43727?s=96&d=mm&r=g\",\"url\":\"https:\/\/secure.gravatar.com\/avatar\/3b8515f618bf80d563e47e22d88f3a74b4fb65814966f2c27dccc80aaaf43727?s=96&d=mm&r=g\",\"contentUrl\":\"https:\/\/secure.gravatar.com\/avatar\/3b8515f618bf80d563e47e22d88f3a74b4fb65814966f2c27dccc80aaaf43727?s=96&d=mm&r=g\",\"caption\":\"S\u00f3nia Ramos\"},\"description\":\"Licenciada em Marketing e um curso em Design Gr\u00e1fico. Experi\u00eancia em marketing digital, social media, newsletters, copywritting, Facebook ads, Adobe Photoshop, Indesign, illustrator e canva.\",\"url\":\"https:\/\/laboratoriosniam.com\/pt\/blog\/author\/sonia-moreira\/\"}]}<\/script>\n<!-- \/ Yoast SEO plugin. -->","yoast_head_json":{"title":"Como aumentar a imunidade infantil com probi\u00f3ticos e vitaminas?","description":"Sabia que certos probi\u00f3ticos e vitaminas ajudam a aumentar a imunidade infantil? Descubra quais s\u00e3o os melhores. \ud83c\udf4a\ud83c\udf4b","robots":{"index":"index","follow":"follow","max-snippet":"max-snippet:-1","max-image-preview":"max-image-preview:large","max-video-preview":"max-video-preview:-1"},"canonical":"https:\/\/laboratoriosniam.com\/pt\/blog\/probioticos-defesas\/aumentar-imunidade-infantil\/","og_locale":"pt_PT","og_type":"article","og_title":"Como aumentar a imunidade infantil com probi\u00f3ticos e vitaminas?","og_description":"Sabia que certos probi\u00f3ticos e vitaminas ajudam a aumentar a imunidade infantil? Descubra quais s\u00e3o os melhores. \ud83c\udf4a\ud83c\udf4b","og_url":"https:\/\/laboratoriosniam.com\/pt\/blog\/probioticos-defesas\/aumentar-imunidade-infantil\/","og_site_name":"Laborat\u00f3rios Niam Portugal","article_published_time":"2023-03-03T14:54:16+00:00","article_modified_time":"2023-09-13T14:00:39+00:00","og_image":[{"width":1200,"height":628,"url":"https:\/\/laboratoriosniam.com\/pt\/wp-content\/uploads\/2023\/02\/PT-PLANTILLA_Cabecera_Blog_Inmunologia_sonia.jpg","type":"image\/jpeg"}],"author":"S\u00f3nia Ramos","twitter_card":"summary_large_image","twitter_misc":{"Escrito por":"S\u00f3nia Ramos","Tempo estimado de leitura":"7 minutos"},"schema":{"@context":"https:\/\/schema.org","@graph":[{"@type":"Article","@id":"https:\/\/laboratoriosniam.com\/pt\/blog\/probioticos-defesas\/aumentar-imunidade-infantil\/#article","isPartOf":{"@id":"https:\/\/laboratoriosniam.com\/pt\/blog\/probioticos-defesas\/aumentar-imunidade-infantil\/"},"author":{"name":"S\u00f3nia Ramos","@id":"https:\/\/laboratoriosniam.com\/pt\/#\/schema\/person\/3afaf44314feeae77776c3ada4ba3b74"},"headline":"Probi\u00f3ticos e vitaminas para aumentar a imunidade infantil","datePublished":"2023-03-03T14:54:16+00:00","dateModified":"2023-09-13T14:00:39+00:00","mainEntityOfPage":{"@id":"https:\/\/laboratoriosniam.com\/pt\/blog\/probioticos-defesas\/aumentar-imunidade-infantil\/"},"wordCount":1405,"commentCount":0,"publisher":{"@id":"https:\/\/laboratoriosniam.com\/pt\/#organization"},"image":{"@id":"https:\/\/laboratoriosniam.com\/pt\/blog\/probioticos-defesas\/aumentar-imunidade-infantil\/#primaryimage"},"thumbnailUrl":"https:\/\/laboratoriosniam.com\/pt\/wp-content\/uploads\/2023\/02\/PT-PLANTILLA_Cabecera_Blog_Inmunologia_sonia.jpg","articleSection":["Bem-estar","Defesas"],"inLanguage":"pt-PT","potentialAction":[{"@type":"CommentAction","name":"Comment","target":["https:\/\/laboratoriosniam.com\/pt\/blog\/probioticos-defesas\/aumentar-imunidade-infantil\/#respond"]}]},{"@type":"WebPage","@id":"https:\/\/laboratoriosniam.com\/pt\/blog\/probioticos-defesas\/aumentar-imunidade-infantil\/","url":"https:\/\/laboratoriosniam.com\/pt\/blog\/probioticos-defesas\/aumentar-imunidade-infantil\/","name":"Como aumentar a imunidade infantil com probi\u00f3ticos e vitaminas?","isPartOf":{"@id":"https:\/\/laboratoriosniam.com\/pt\/#website"},"primaryImageOfPage":{"@id":"https:\/\/laboratoriosniam.com\/pt\/blog\/probioticos-defesas\/aumentar-imunidade-infantil\/#primaryimage"},"image":{"@id":"https:\/\/laboratoriosniam.com\/pt\/blog\/probioticos-defesas\/aumentar-imunidade-infantil\/#primaryimage"},"thumbnailUrl":"https:\/\/laboratoriosniam.com\/pt\/wp-content\/uploads\/2023\/02\/PT-PLANTILLA_Cabecera_Blog_Inmunologia_sonia.jpg","datePublished":"2023-03-03T14:54:16+00:00","dateModified":"2023-09-13T14:00:39+00:00","description":"Sabia que certos probi\u00f3ticos e vitaminas ajudam a aumentar a imunidade infantil? Descubra quais s\u00e3o os melhores. \ud83c\udf4a\ud83c\udf4b","breadcrumb":{"@id":"https:\/\/laboratoriosniam.com\/pt\/blog\/probioticos-defesas\/aumentar-imunidade-infantil\/#breadcrumb"},"inLanguage":"pt-PT","potentialAction":[{"@type":"ReadAction","target":["https:\/\/laboratoriosniam.com\/pt\/blog\/probioticos-defesas\/aumentar-imunidade-infantil\/"]}]},{"@type":"ImageObject","inLanguage":"pt-PT","@id":"https:\/\/laboratoriosniam.com\/pt\/blog\/probioticos-defesas\/aumentar-imunidade-infantil\/#primaryimage","url":"https:\/\/laboratoriosniam.com\/pt\/wp-content\/uploads\/2023\/02\/PT-PLANTILLA_Cabecera_Blog_Inmunologia_sonia.jpg","contentUrl":"https:\/\/laboratoriosniam.com\/pt\/wp-content\/uploads\/2023\/02\/PT-PLANTILLA_Cabecera_Blog_Inmunologia_sonia.jpg","width":1200,"height":628,"caption":"S\u00f3nia Moreira"},{"@type":"BreadcrumbList","@id":"https:\/\/laboratoriosniam.com\/pt\/blog\/probioticos-defesas\/aumentar-imunidade-infantil\/#breadcrumb","itemListElement":[{"@type":"ListItem","position":1,"name":"In\u00edcio","item":"https:\/\/laboratoriosniam.com\/pt\/"},{"@type":"ListItem","position":2,"name":"Defesas","item":"https:\/\/laboratoriosniam.com\/pt\/blog\/probioticos-defesas\/"},{"@type":"ListItem","position":3,"name":"Probi\u00f3ticos e vitaminas para aumentar a imunidade infantil"}]},{"@type":"WebSite","@id":"https:\/\/laboratoriosniam.com\/pt\/#website","url":"https:\/\/laboratoriosniam.com\/pt\/","name":"Laborat\u00f3rios Niam Portugal","description":"Suplementos alimentares - efic\u00e1cia natural","publisher":{"@id":"https:\/\/laboratoriosniam.com\/pt\/#organization"},"potentialAction":[{"@type":"SearchAction","target":{"@type":"EntryPoint","urlTemplate":"https:\/\/laboratoriosniam.com\/pt\/?s={search_term_string}"},"query-input":{"@type":"PropertyValueSpecification","valueRequired":true,"valueName":"search_term_string"}}],"inLanguage":"pt-PT"},{"@type":"Organization","@id":"https:\/\/laboratoriosniam.com\/pt\/#organization","name":"Laboratorios NIAM","url":"https:\/\/laboratoriosniam.com\/pt\/","logo":{"@type":"ImageObject","inLanguage":"pt-PT","@id":"https:\/\/laboratoriosniam.com\/pt\/#\/schema\/logo\/image\/","url":"","contentUrl":"","caption":"Laboratorios NIAM"},"image":{"@id":"https:\/\/laboratoriosniam.com\/pt\/#\/schema\/logo\/image\/"}},{"@type":"Person","@id":"https:\/\/laboratoriosniam.com\/pt\/#\/schema\/person\/3afaf44314feeae77776c3ada4ba3b74","name":"S\u00f3nia Ramos","image":{"@type":"ImageObject","inLanguage":"pt-PT","@id":"https:\/\/secure.gravatar.com\/avatar\/3b8515f618bf80d563e47e22d88f3a74b4fb65814966f2c27dccc80aaaf43727?s=96&d=mm&r=g","url":"https:\/\/secure.gravatar.com\/avatar\/3b8515f618bf80d563e47e22d88f3a74b4fb65814966f2c27dccc80aaaf43727?s=96&d=mm&r=g","contentUrl":"https:\/\/secure.gravatar.com\/avatar\/3b8515f618bf80d563e47e22d88f3a74b4fb65814966f2c27dccc80aaaf43727?s=96&d=mm&r=g","caption":"S\u00f3nia Ramos"},"description":"Licenciada em Marketing e um curso em Design Gr\u00e1fico. Experi\u00eancia em marketing digital, social media, newsletters, copywritting, Facebook ads, Adobe Photoshop, Indesign, illustrator e canva.","url":"https:\/\/laboratoriosniam.com\/pt\/blog\/author\/sonia-moreira\/"}]}},"_links":{"self":[{"href":"https:\/\/laboratoriosniam.com\/pt\/wp-json\/wp\/v2\/posts\/70389","targetHints":{"allow":["GET"]}}],"collection":[{"href":"https:\/\/laboratoriosniam.com\/pt\/wp-json\/wp\/v2\/posts"}],"about":[{"href":"https:\/\/laboratoriosniam.com\/pt\/wp-json\/wp\/v2\/types\/post"}],"author":[{"embeddable":true,"href":"https:\/\/laboratoriosniam.com\/pt\/wp-json\/wp\/v2\/users\/2362"}],"replies":[{"embeddable":true,"href":"https:\/\/laboratoriosniam.com\/pt\/wp-json\/wp\/v2\/comments?post=70389"}],"version-history":[{"count":25,"href":"https:\/\/laboratoriosniam.com\/pt\/wp-json\/wp\/v2\/posts\/70389\/revisions"}],"predecessor-version":[{"id":75159,"href":"https:\/\/laboratoriosniam.com\/pt\/wp-json\/wp\/v2\/posts\/70389\/revisions\/75159"}],"wp:featuredmedia":[{"embeddable":true,"href":"https:\/\/laboratoriosniam.com\/pt\/wp-json\/wp\/v2\/media\/70398"}],"wp:attachment":[{"href":"https:\/\/laboratoriosniam.com\/pt\/wp-json\/wp\/v2\/media?parent=70389"}],"wp:term":[{"taxonomy":"category","embeddable":true,"href":"https:\/\/laboratoriosniam.com\/pt\/wp-json\/wp\/v2\/categories?post=70389"},{"taxonomy":"post_tag","embeddable":true,"href":"https:\/\/laboratoriosniam.com\/pt\/wp-json\/wp\/v2\/tags?post=70389"}],"curies":[{"name":"wp","href":"https:\/\/api.w.org\/{rel}","templated":true}]}}