


{"id":8730,"date":"2022-01-31T14:50:31","date_gmt":"2022-01-31T14:50:31","guid":{"rendered":"https:\/\/laboratoriosniam.com\/pt\/?p=8730"},"modified":"2025-06-27T14:52:14","modified_gmt":"2025-06-27T13:52:14","slug":"alergia-pele","status":"publish","type":"post","link":"https:\/\/laboratoriosniam.com\/pt\/blog\/especialistas\/alergia-pele\/","title":{"rendered":"Alergia na pele: Pele At\u00f3pica &#8211; o que \u00e9 e quais os tratamentos"},"content":{"rendered":"<div id=\"ez-toc-container\" class=\"ez-toc-v2_0_82_1 counter-hierarchy ez-toc-counter ez-toc-grey ez-toc-container-direction\">\n<p class=\"ez-toc-title\" style=\"cursor:inherit\">\u00cdndice de conte\u00fados<\/p>\n<label for=\"ez-toc-cssicon-toggle-item-69f46e5f1f502\" class=\"ez-toc-cssicon-toggle-label\"><span class=\"\"><span class=\"eztoc-hide\" style=\"display:none;\">Toggle<\/span><span class=\"ez-toc-icon-toggle-span\"><svg style=\"fill: #999;color:#999\" xmlns=\"http:\/\/www.w3.org\/2000\/svg\" class=\"list-377408\" width=\"20px\" height=\"20px\" viewBox=\"0 0 24 24\" fill=\"none\"><path d=\"M6 6H4v2h2V6zm14 0H8v2h12V6zM4 11h2v2H4v-2zm16 0H8v2h12v-2zM4 16h2v2H4v-2zm16 0H8v2h12v-2z\" fill=\"currentColor\"><\/path><\/svg><svg style=\"fill: #999;color:#999\" class=\"arrow-unsorted-368013\" xmlns=\"http:\/\/www.w3.org\/2000\/svg\" width=\"10px\" height=\"10px\" viewBox=\"0 0 24 24\" version=\"1.2\" baseProfile=\"tiny\"><path d=\"M18.2 9.3l-6.2-6.3-6.2 6.3c-.2.2-.3.4-.3.7s.1.5.3.7c.2.2.4.3.7.3h11c.3 0 .5-.1.7-.3.2-.2.3-.5.3-.7s-.1-.5-.3-.7zM5.8 14.7l6.2 6.3 6.2-6.3c.2-.2.3-.5.3-.7s-.1-.5-.3-.7c-.2-.2-.4-.3-.7-.3h-11c-.3 0-.5.1-.7.3-.2.2-.3.5-.3.7s.1.5.3.7z\"\/><\/svg><\/span><\/span><\/label><input type=\"checkbox\"  id=\"ez-toc-cssicon-toggle-item-69f46e5f1f502\"  aria-label=\"Toggle\" \/><nav><ul class='ez-toc-list ez-toc-list-level-1 ' ><li class='ez-toc-page-1 ez-toc-heading-level-2'><a class=\"ez-toc-link ez-toc-heading-1\" href=\"https:\/\/laboratoriosniam.com\/pt\/blog\/especialistas\/alergia-pele\/#O_que_e_ter_uma_alergia_na_pele\" >O que \u00e9 ter uma alergia na pele?<\/a><\/li><li class='ez-toc-page-1 ez-toc-heading-level-2'><a class=\"ez-toc-link ez-toc-heading-2\" href=\"https:\/\/laboratoriosniam.com\/pt\/blog\/especialistas\/alergia-pele\/#O_que_e_o_eczema_atopico\" >O que \u00e9 o eczema at\u00f3pico?<\/a><\/li><li class='ez-toc-page-1 ez-toc-heading-level-2'><a class=\"ez-toc-link ez-toc-heading-3\" href=\"https:\/\/laboratoriosniam.com\/pt\/blog\/especialistas\/alergia-pele\/#Como_suspeitar_se_e_eczema_Sintomas\" >Como suspeitar se \u00e9 eczema? Sintomas<\/a><\/li><li class='ez-toc-page-1 ez-toc-heading-level-2'><a class=\"ez-toc-link ez-toc-heading-4\" href=\"https:\/\/laboratoriosniam.com\/pt\/blog\/especialistas\/alergia-pele\/#Que_impacto_tem_essa_alergia_de_pele_na_sua_vida\" >Que impacto tem essa alergia de pele na sua vida?<\/a><\/li><li class='ez-toc-page-1 ez-toc-heading-level-2'><a class=\"ez-toc-link ez-toc-heading-5\" href=\"https:\/\/laboratoriosniam.com\/pt\/blog\/especialistas\/alergia-pele\/#Como_tratar_esta_alergia_na_pele\" >Como tratar esta alergia na pele?<\/a><\/li><\/ul><\/nav><\/div>\n\n<p class=\"has-text-align-center\" style=\"font-size:22px\">Este artigo foi escrito por uma m\u00e9dica de alergologista, e ir\u00e1 explicar o que \u00e9 uma alergia na pele, mais especificamente sobre pele at\u00f3pica.<\/p>\n\n\n\n<h2 class=\"wp-block-heading has-text-align-center has-text-color\" style=\"color:#339388\"><span class=\"ez-toc-section\" id=\"O_que_e_ter_uma_alergia_na_pele\"><\/span>O que \u00e9 ter uma alergia na pele?<span class=\"ez-toc-section-end\"><\/span><\/h2>\n\n\n\n<p>O termo \u201c<strong>alergia na pele<\/strong>\u201d engloba v\u00e1rias doen\u00e7as e situa\u00e7\u00f5es, como por exemplo:<\/p>\n\n\n\n<p>Eczema at\u00f3pico (tamb\u00e9m muitas vezes mencionado como eczema ou pele at\u00f3pica)<\/p>\n\n\n\n<ul class=\"wp-block-list\">\n<li><strong>Dermatite de contacto al\u00e9rgica<\/strong><\/li>\n\n\n\n<li><strong>Urtic\u00e1ria<\/strong><\/li>\n\n\n\n<li><strong>Rea\u00e7\u00f5es cut\u00e2neas graves por alergia a medicamentos<\/strong><\/li>\n<\/ul>\n\n\n\n<p>Neste artigo ser\u00e1 abordado o eczema at\u00f3pico, por ser t\u00e3o frequente e pelo impacto que tem na qualidade de vida e autoestima de quem tem esta doen\u00e7a.<\/p>\n\n\n<div class=\"wp-block-image\">\n<figure class=\"aligncenter size-full\"><img loading=\"lazy\" decoding=\"async\" width=\"450\" height=\"262\" src=\"https:\/\/laboratoriosniam.com\/pt\/wp-content\/uploads\/2022\/01\/IMG-rapariga_feliz.png\" alt=\"pele at\u00f3pica\" class=\"wp-image-8788\" srcset=\"https:\/\/laboratoriosniam.com\/pt\/wp-content\/uploads\/2022\/01\/IMG-rapariga_feliz.png 450w, https:\/\/laboratoriosniam.com\/pt\/wp-content\/uploads\/2022\/01\/IMG-rapariga_feliz-247x144.png 247w\" sizes=\"auto, (max-width: 450px) 100vw, 450px\" \/><\/figure>\n<\/div>\n\n\n<h2 class=\"wp-block-heading has-text-align-center has-text-color\" style=\"color:#339388\"><span class=\"ez-toc-section\" id=\"O_que_e_o_eczema_atopico\"><\/span>O que \u00e9 o eczema at\u00f3pico?<span class=\"ez-toc-section-end\"><\/span><\/h2>\n\n\n\n<p>O <strong>eczema at\u00f3pico<\/strong> \u00e9 muitas vezes mencionado como <strong>eczema ou pele at\u00f3pica.<\/strong><\/p>\n\n\n\n<p>\u00c9 uma <strong>doen\u00e7a cr\u00f3nica da pele<\/strong>, que passa por per\u00edodos de melhoria e por per\u00edodos de agravamento, podendo estes per\u00edodos ter dura\u00e7\u00e3o vari\u00e1vel. A principal caracter\u00edstica da pele de quem tem eczema \u00e9 a altera\u00e7\u00e3o da sua constitui\u00e7\u00e3o, que a torna mais fr\u00e1gil e seca.<\/p>\n\n\n\n<h2 class=\"wp-block-heading has-text-align-center has-text-color\" style=\"color:#339388\"><span class=\"ez-toc-section\" id=\"Como_suspeitar_se_e_eczema_Sintomas\"><\/span>Como suspeitar se \u00e9 eczema? Sintomas<span class=\"ez-toc-section-end\"><\/span><\/h2>\n\n\n\n<p>O <strong>principal sintoma \u00e9 a comich\u00e3o<\/strong>, que \u00e9 causada pela secura e consequente irrita\u00e7\u00e3o da pele. As altera\u00e7\u00f5es e sintomas t\u00edpicos do eczema est\u00e3o presentes em zonas localizadas como por exemplo nas dobras dos bra\u00e7os, atr\u00e1s dos joelhos, nas m\u00e3os e nas p\u00e1lpebras. <br><br>Nos locais onde existe eczema a pele fica seca, descamativa e vermelha, podendo <strong>causar ferida.<\/strong><\/p>\n\n\n<div class=\"wp-block-image\">\n<figure class=\"aligncenter size-full is-resized\"><a href=\"https:\/\/laboratoriosniam.com\/pt\/produto\/emitium-pele\/\" target=\"_blank\" rel=\" noreferrer noopener\"><img loading=\"lazy\" decoding=\"async\" width=\"600\" height=\"600\" src=\"https:\/\/laboratoriosniam.com\/pt\/wp-content\/uploads\/2025\/06\/banner-pele-pt-sintomas.jpg\" alt=\"Banner EMITIUM Pele sintomas pele danificada\" class=\"wp-image-92211\" style=\"width:450px;height:450px\" srcset=\"https:\/\/laboratoriosniam.com\/pt\/wp-content\/uploads\/2025\/06\/banner-pele-pt-sintomas.jpg 600w, https:\/\/laboratoriosniam.com\/pt\/wp-content\/uploads\/2025\/06\/banner-pele-pt-sintomas-400x400.jpg 400w, https:\/\/laboratoriosniam.com\/pt\/wp-content\/uploads\/2025\/06\/banner-pele-pt-sintomas-280x280.jpg 280w, https:\/\/laboratoriosniam.com\/pt\/wp-content\/uploads\/2025\/06\/banner-pele-pt-sintomas-90x90.jpg 90w, https:\/\/laboratoriosniam.com\/pt\/wp-content\/uploads\/2025\/06\/banner-pele-pt-sintomas-247x247.jpg 247w, https:\/\/laboratoriosniam.com\/pt\/wp-content\/uploads\/2025\/06\/banner-pele-pt-sintomas-100x100.jpg 100w\" sizes=\"auto, (max-width: 600px) 100vw, 600px\" \/><\/a><\/figure>\n<\/div>\n\n\n<h2 class=\"wp-block-heading has-text-align-center has-text-color\" style=\"color:#339388\"><span class=\"ez-toc-section\" id=\"Que_impacto_tem_essa_alergia_de_pele_na_sua_vida\"><\/span>Que impacto tem essa alergia de pele na sua vida?<span class=\"ez-toc-section-end\"><\/span><\/h2>\n\n\n\n<p>Esta doen\u00e7a tem um impacto significativo na <strong>qualidade de vida do pr\u00f3prio<\/strong> (na crian\u00e7a mais velha e adulto) e da fam\u00edlia (sobretudo em beb\u00e9s e crian\u00e7as pequenas). <br><br><strong>Na crian\u00e7a<\/strong> pequena a comich\u00e3o pode dificultar o sono e causar noites mal dormidas. J\u00e1 na crian\u00e7a mais velha e adulto existe um grande impacto na auto-estima, al\u00e9m da comich\u00e3o que pode interferir nas atividades di\u00e1rias e sono. <br><br>As altera\u00e7\u00f5es da pele, sobretudo quando s\u00e3o na face ou noutras zonas expostas, podem levar ao isolamento social e evic\u00e7\u00e3o de atividades que impliquem exposi\u00e7\u00e3o.<\/p>\n\n\n\n<p class=\"has-text-align-center\"><strong>&lt;&lt;Leia tamb\u00e9m o artigo sobre &#8220;<a href=\"https:\/\/laboratoriosniam.com\/pt\/blog\/especialistas\/vitaminas-pele\/#Vitaminas_para_a_pele_quais_os_seus_beneficios\" target=\"_blank\" rel=\"noopener\"><mark style=\"background-color:#339388\" class=\"has-inline-color has-white-color\">Vitaminas para a pele: quais os seus benef\u00edcios?<\/mark><\/a>&#8220;&gt;&gt;<\/strong><\/p>\n\n\n\n<h2 class=\"wp-block-heading has-text-align-center has-text-color\" style=\"color:#339388\"><span class=\"ez-toc-section\" id=\"Como_tratar_esta_alergia_na_pele\"><\/span>Como tratar esta alergia na pele?<span class=\"ez-toc-section-end\"><\/span><\/h2>\n\n\n\n<p>Podemos dividir o tratamento do eczema em <strong>dois grupos:<\/strong><\/p>\n\n\n\n<ul class=\"wp-block-list\">\n<li><strong>Tratamento de preven\u00e7\u00e3o<\/strong><\/li>\n\n\n\n<li><strong>Tratamento das crises<\/strong><\/li>\n<\/ul>\n\n\n\n<div data-tf-widget=\"gExNlRMf\" data-tf-iframe-props=\"title=PT Encuesta Cuidados de la piel\" data-tf-disable-auto-focus=\"\" data-tf-medium=\"snippet\" style=\"width:100%;height:400px;\"><\/div><script src=\"\/\/embed.typeform.com\/next\/embed.js\"><\/script>\n\n\n\n<p class=\"has-text-align-center\"><strong>TRATAMENTO DE PREVEN\u00c7\u00c3O<\/strong><\/p>\n\n\n\n<p>O tratamento de preven\u00e7\u00e3o tem como principal objetivo manter a pele \u00edntegra e saud\u00e1vel. Com o cumprimento de cuidados gerais \u00e9 poss\u00edvel evitar epis\u00f3dios de agravamento do eczema, reduzindo o impacto da doen\u00e7a na qualidade de vida e diminuindo tamb\u00e9m a necessidade de fazer outros tratamentos que incluam medica\u00e7\u00e3o.<br><br>Os <strong>cuidados gerais<\/strong> devem fazer parte da rotina di\u00e1ria de quem tem eczema, mesmo quando a pele aparentemente est\u00e1 s\u00e3.<\/p>\n\n\n\n<ul class=\"wp-block-list\">\n<li>Os banhos devem ser curtos, de 5 a 10 minutos de dura\u00e7\u00e3o, e com \u00e1gua t\u00e9pida<\/li>\n\n\n\n<li>N\u00e3o se deve esfregar a pele com a toalha para sec\u00e1-la ap\u00f3s o banho e a pele deve ser deixada h\u00famida<\/li>\n\n\n\n<li>Aplicar o creme hidratante pelo menos 2 vezes por dia. O creme n\u00e3o deve conter perfume. Quando o eczema se localiza em \u00e1reas mais localizadas como por exemplo as p\u00e1lpebras o creme hidratante pode (e deve) ser aplicado v\u00e1rias vezes ao longo do dia.<\/li>\n\n\n\n<li>O creme hidratante deve ser aplicado imediatamente ap\u00f3s o banho, idealmente com a pele ainda h\u00famida<\/li>\n\n\n\n<li>Esse creme n\u00e3o deve conter perfume<\/li>\n\n\n\n<li>N\u00e3o devem ser utilizados \u00f3leos como hidratante<\/li>\n\n\n\n<li>A roupa deve ser de algod\u00e3o. Tecidos sint\u00e9ticos e l\u00e3s devem ser evitados, sobretudo a roupa que fica em contacto directo com a pele.<\/li>\n\n\n\n<li>Retirar as etiquetas da roupa<\/li>\n<\/ul>\n\n\n<div class=\"wp-block-image\">\n<figure class=\"aligncenter size-full\"><a href=\"https:\/\/mailchi.mp\/laboratoriosniam.com\/pele-pt\" target=\"_blank\" rel=\"noopener\"><img loading=\"lazy\" decoding=\"async\" width=\"600\" height=\"300\" src=\"https:\/\/laboratoriosniam.com\/pt\/wp-content\/uploads\/2023\/08\/BANNER-nEWSLETTER-pele.jpg\" alt=\"Newsletter pele\" class=\"wp-image-74429\" srcset=\"https:\/\/laboratoriosniam.com\/pt\/wp-content\/uploads\/2023\/08\/BANNER-nEWSLETTER-pele.jpg 600w, https:\/\/laboratoriosniam.com\/pt\/wp-content\/uploads\/2023\/08\/BANNER-nEWSLETTER-pele-247x124.jpg 247w, https:\/\/laboratoriosniam.com\/pt\/wp-content\/uploads\/2023\/08\/BANNER-nEWSLETTER-pele-180x90.jpg 180w\" sizes=\"auto, (max-width: 600px) 100vw, 600px\" \/><\/a><\/figure>\n<\/div>\n\n\n<p>Embora a maioria das vezes o eczema n\u00e3o tenha rela\u00e7\u00e3o alguma com alergia a alimentos, sabemos que alguns alimentos agravam a doen\u00e7a, por promoverem a inflama\u00e7\u00e3o da pele. <\/p>\n\n\n\n<p>Assim, <strong>devem ser evitados alguns alimentos<\/strong> para ajudar a manter o eczema controlado e sem crises, como por exemplo: alimentos picantes, enchidos e produtos de charcutaria, enlatados alimentos com corantes (como por exemplo gomas) e fast food.<\/p>\n\n\n\n<p>Como tratamento preventivo pode tamb\u00e9m estar indicada a toma di\u00e1ria de anti-histam\u00ednico oral (comprimidos ou xarope), para tentar aliviar a comich\u00e3o. Estes medicamentos nem sempre s\u00e3o eficazes, mas o m\u00e9dico assistente pode optar por prescreve-los para tentar melhorar a comich\u00e3o.<\/p>\n\n\n\n<p class=\"has-text-align-center\"><strong>TRATAMENTO DAS CRISES<\/strong><\/p>\n\n\n\n<p>Quando a <strong>pele fica vermelha, descama e faz feridas<\/strong> \u00e9 necess\u00e1rio tratar com medicamento. Os tratamentos mais usados, pela sua efic\u00e1cia e rapidez na melhoria do eczema, s\u00e3o as <strong>pomadas de cortisona. <\/strong><br><br>A sua aplica\u00e7\u00e3o deve ser feita sempre com <strong>recomenda\u00e7\u00e3o e prescri\u00e7\u00e3o m\u00e9dica<\/strong> uma vez que a sua utiliza\u00e7\u00e3o frequente e sem supervis\u00e3o m\u00e9dica pode causar efeitos secund\u00e1rios. <\/p>\n\n\n\n<p>Em alternativa existem outros tratamentos que podem ser prescritos pelo m\u00e9dico quando a necessidade de cortisona \u00e9 frequente ou ineficaz. S\u00e3o exemplos destes <strong>tratamentos a fototerapia, os imunossupressores e inibidores t\u00f3picos da calcineurina<\/strong> (medicamentos que impedem a inflama\u00e7\u00e3o e o funcionamento do sistema imunol\u00f3gico).<\/p>\n\n\n<div class=\"wp-block-image\">\n<figure class=\"aligncenter size-full is-resized\"><a href=\"https:\/\/laboratoriosniam.com\/pt\/produto\/emitium-pele\/\" target=\"_blank\" rel=\" noreferrer noopener\"><img loading=\"lazy\" decoding=\"async\" width=\"600\" height=\"600\" src=\"https:\/\/laboratoriosniam.com\/pt\/wp-content\/uploads\/2025\/06\/banner-pele-pt-beneficios.jpg\" alt=\"Banner EMITIUM Pele benef\u00edcios para a pele\" class=\"wp-image-92212\" style=\"width:450px;height:450px\" srcset=\"https:\/\/laboratoriosniam.com\/pt\/wp-content\/uploads\/2025\/06\/banner-pele-pt-beneficios.jpg 600w, https:\/\/laboratoriosniam.com\/pt\/wp-content\/uploads\/2025\/06\/banner-pele-pt-beneficios-400x400.jpg 400w, https:\/\/laboratoriosniam.com\/pt\/wp-content\/uploads\/2025\/06\/banner-pele-pt-beneficios-280x280.jpg 280w, https:\/\/laboratoriosniam.com\/pt\/wp-content\/uploads\/2025\/06\/banner-pele-pt-beneficios-90x90.jpg 90w, https:\/\/laboratoriosniam.com\/pt\/wp-content\/uploads\/2025\/06\/banner-pele-pt-beneficios-247x247.jpg 247w, https:\/\/laboratoriosniam.com\/pt\/wp-content\/uploads\/2025\/06\/banner-pele-pt-beneficios-100x100.jpg 100w\" sizes=\"auto, (max-width: 600px) 100vw, 600px\" \/><\/a><\/figure>\n<\/div>\n\n\n<p>A <strong>gravidade do eczema pode ser vari\u00e1vel <\/strong>assim como a necessidade de medica\u00e7\u00e3o. <br>No entanto, o cumprimento dos cuidados gerais nomeadamente a aplica\u00e7\u00e3o frequente e di\u00e1ria de creme hidratante deve ser tamb\u00e9m encarado como um tratamento que evita em grande parte dos doentes a necessidade de terap\u00eautica m\u00e9dica.<br><br><strong>Tamb\u00e9m uma alimenta\u00e7\u00e3o saud\u00e1vel<a href=\"https:\/\/laboratoriosniam.com\/pt\/blog\/especialistas\/vitaminas-pele\/\" target=\"_blank\" rel=\"noopener\"> <\/a>e equilibrada, sem alimentos pr\u00f3-inflamat\u00f3rios ajudam a <a href=\"https:\/\/laboratoriosniam.com\/pt\/produto\/emitium-pele\/\" target=\"_blank\" rel=\"noopener\">manter a pele saud\u00e1vel<\/a> e consequentemente com menos probabilidade de ocorrerem epis\u00f3dios de agravamento do eczema.<\/strong><\/p>\n\n\n\n<p class=\"has-text-align-center\"><strong>&lt;&lt;Leia tamb\u00e9m o outro artigo da Dra. Marta, sobre &#8220;<a href=\"https:\/\/laboratoriosniam.com\/pt\/blog\/especialistas\/urticaria\/\" target=\"_blank\" rel=\"noopener\"><mark style=\"background-color:#339388\" class=\"has-inline-color has-white-color\">Urtic\u00e1ria na Pele<\/mark><\/a>&#8220;&gt;&gt;<\/strong><\/p>\n","protected":false},"excerpt":{"rendered":"<p>Este artigo foi escrito por uma m\u00e9dica de alergologista, e ir\u00e1 explicar o que \u00e9 uma alergia na pele, mais especificamente sobre pele at\u00f3pica. O que \u00e9 ter uma alergia&#8230;<\/p>\n","protected":false},"author":24,"featured_media":74452,"comment_status":"open","ping_status":"closed","sticky":false,"template":"","format":"standard","meta":{"_acf_changed":false,"footnotes":""},"categories":[83,100,1],"tags":[],"class_list":["post-8730","post","type-post","status-publish","format-standard","has-post-thumbnail","hentry","category-especialistas","category-bem-estar","category-probioticos-pele"],"acf":[],"yoast_head":"<!-- This site is optimized with the Yoast SEO plugin v27.2 - https:\/\/yoast.com\/product\/yoast-seo-wordpress\/ -->\n<title>O que \u00e9 Pele At\u00f3pica? - Alergia na pele: Como tratar<\/title>\n<meta name=\"description\" content=\"O que \u00e9 pele at\u00f3pica? Leia este artigo e saiba quais s\u00e3o os sintomas e como pode tratar esta alergia na pele.\" \/>\n<meta name=\"robots\" content=\"index, follow, max-snippet:-1, max-image-preview:large, max-video-preview:-1\" \/>\n<link rel=\"canonical\" href=\"https:\/\/laboratoriosniam.com\/pt\/blog\/especialistas\/alergia-pele\/\" \/>\n<meta property=\"og:locale\" content=\"pt_PT\" \/>\n<meta property=\"og:type\" content=\"article\" \/>\n<meta property=\"og:title\" content=\"O que \u00e9 Pele At\u00f3pica? - Alergia na pele: Como tratar\" \/>\n<meta property=\"og:description\" content=\"O que \u00e9 pele at\u00f3pica? Leia este artigo e saiba quais s\u00e3o os sintomas e como pode tratar esta alergia na pele.\" \/>\n<meta property=\"og:url\" content=\"https:\/\/laboratoriosniam.com\/pt\/blog\/especialistas\/alergia-pele\/\" \/>\n<meta property=\"og:site_name\" content=\"Laborat\u00f3rios Niam Portugal\" \/>\n<meta property=\"article:published_time\" content=\"2022-01-31T14:50:31+00:00\" \/>\n<meta property=\"article:modified_time\" content=\"2025-06-27T13:52:14+00:00\" \/>\n<meta property=\"og:image\" content=\"https:\/\/laboratoriosniam.com\/pt\/wp-content\/uploads\/2022\/01\/PT-PLANTILLA_Cabecera_Blog_PeleDra.-Marta.jpg\" \/>\n\t<meta property=\"og:image:width\" content=\"1200\" \/>\n\t<meta property=\"og:image:height\" content=\"628\" \/>\n\t<meta property=\"og:image:type\" content=\"image\/jpeg\" \/>\n<meta name=\"author\" content=\"Marta Chambel\" \/>\n<meta name=\"twitter:card\" content=\"summary_large_image\" \/>\n<meta name=\"twitter:label1\" content=\"Escrito por\" \/>\n\t<meta name=\"twitter:data1\" content=\"Marta Chambel\" \/>\n\t<meta name=\"twitter:label2\" content=\"Tempo estimado de leitura\" \/>\n\t<meta name=\"twitter:data2\" content=\"6 minutos\" \/>\n<script type=\"application\/ld+json\" class=\"yoast-schema-graph\">{\"@context\":\"https:\/\/schema.org\",\"@graph\":[{\"@type\":\"Article\",\"@id\":\"https:\/\/laboratoriosniam.com\/pt\/blog\/especialistas\/alergia-pele\/#article\",\"isPartOf\":{\"@id\":\"https:\/\/laboratoriosniam.com\/pt\/blog\/especialistas\/alergia-pele\/\"},\"author\":{\"name\":\"Marta Chambel\",\"@id\":\"https:\/\/laboratoriosniam.com\/pt\/#\/schema\/person\/c1c1c34767215acee176bb9c8b833481\"},\"headline\":\"Alergia na pele: Pele At\u00f3pica &#8211; o que \u00e9 e quais os tratamentos\",\"datePublished\":\"2022-01-31T14:50:31+00:00\",\"dateModified\":\"2025-06-27T13:52:14+00:00\",\"mainEntityOfPage\":{\"@id\":\"https:\/\/laboratoriosniam.com\/pt\/blog\/especialistas\/alergia-pele\/\"},\"wordCount\":996,\"commentCount\":1,\"publisher\":{\"@id\":\"https:\/\/laboratoriosniam.com\/pt\/#organization\"},\"image\":{\"@id\":\"https:\/\/laboratoriosniam.com\/pt\/blog\/especialistas\/alergia-pele\/#primaryimage\"},\"thumbnailUrl\":\"https:\/\/laboratoriosniam.com\/pt\/wp-content\/uploads\/2022\/01\/PT-PLANTILLA_Cabecera_Blog_PeleDra.-Marta.jpg\",\"articleSection\":[\"Artigos de especialistas\",\"Bem-estar\",\"Pele\"],\"inLanguage\":\"pt-PT\",\"potentialAction\":[{\"@type\":\"CommentAction\",\"name\":\"Comment\",\"target\":[\"https:\/\/laboratoriosniam.com\/pt\/blog\/especialistas\/alergia-pele\/#respond\"]}]},{\"@type\":\"WebPage\",\"@id\":\"https:\/\/laboratoriosniam.com\/pt\/blog\/especialistas\/alergia-pele\/\",\"url\":\"https:\/\/laboratoriosniam.com\/pt\/blog\/especialistas\/alergia-pele\/\",\"name\":\"O que \u00e9 Pele At\u00f3pica? - Alergia na pele: Como tratar\",\"isPartOf\":{\"@id\":\"https:\/\/laboratoriosniam.com\/pt\/#website\"},\"primaryImageOfPage\":{\"@id\":\"https:\/\/laboratoriosniam.com\/pt\/blog\/especialistas\/alergia-pele\/#primaryimage\"},\"image\":{\"@id\":\"https:\/\/laboratoriosniam.com\/pt\/blog\/especialistas\/alergia-pele\/#primaryimage\"},\"thumbnailUrl\":\"https:\/\/laboratoriosniam.com\/pt\/wp-content\/uploads\/2022\/01\/PT-PLANTILLA_Cabecera_Blog_PeleDra.-Marta.jpg\",\"datePublished\":\"2022-01-31T14:50:31+00:00\",\"dateModified\":\"2025-06-27T13:52:14+00:00\",\"description\":\"O que \u00e9 pele at\u00f3pica? Leia este artigo e saiba quais s\u00e3o os sintomas e como pode tratar esta alergia na pele.\",\"breadcrumb\":{\"@id\":\"https:\/\/laboratoriosniam.com\/pt\/blog\/especialistas\/alergia-pele\/#breadcrumb\"},\"inLanguage\":\"pt-PT\",\"potentialAction\":[{\"@type\":\"ReadAction\",\"target\":[\"https:\/\/laboratoriosniam.com\/pt\/blog\/especialistas\/alergia-pele\/\"]}]},{\"@type\":\"ImageObject\",\"inLanguage\":\"pt-PT\",\"@id\":\"https:\/\/laboratoriosniam.com\/pt\/blog\/especialistas\/alergia-pele\/#primaryimage\",\"url\":\"https:\/\/laboratoriosniam.com\/pt\/wp-content\/uploads\/2022\/01\/PT-PLANTILLA_Cabecera_Blog_PeleDra.-Marta.jpg\",\"contentUrl\":\"https:\/\/laboratoriosniam.com\/pt\/wp-content\/uploads\/2022\/01\/PT-PLANTILLA_Cabecera_Blog_PeleDra.-Marta.jpg\",\"width\":1200,\"height\":628,\"caption\":\"Marta Chambel - Alergologista Laborat\u00f3rios Niam\"},{\"@type\":\"BreadcrumbList\",\"@id\":\"https:\/\/laboratoriosniam.com\/pt\/blog\/especialistas\/alergia-pele\/#breadcrumb\",\"itemListElement\":[{\"@type\":\"ListItem\",\"position\":1,\"name\":\"In\u00edcio\",\"item\":\"https:\/\/laboratoriosniam.com\/pt\/\"},{\"@type\":\"ListItem\",\"position\":2,\"name\":\"Artigos de especialistas\",\"item\":\"https:\/\/laboratoriosniam.com\/pt\/blog\/especialistas\/\"},{\"@type\":\"ListItem\",\"position\":3,\"name\":\"Alergia na pele: Pele At\u00f3pica &#8211; o que \u00e9 e quais os tratamentos\"}]},{\"@type\":\"WebSite\",\"@id\":\"https:\/\/laboratoriosniam.com\/pt\/#website\",\"url\":\"https:\/\/laboratoriosniam.com\/pt\/\",\"name\":\"Laborat\u00f3rios Niam Portugal\",\"description\":\"Suplementos alimentares - efic\u00e1cia natural\",\"publisher\":{\"@id\":\"https:\/\/laboratoriosniam.com\/pt\/#organization\"},\"potentialAction\":[{\"@type\":\"SearchAction\",\"target\":{\"@type\":\"EntryPoint\",\"urlTemplate\":\"https:\/\/laboratoriosniam.com\/pt\/?s={search_term_string}\"},\"query-input\":{\"@type\":\"PropertyValueSpecification\",\"valueRequired\":true,\"valueName\":\"search_term_string\"}}],\"inLanguage\":\"pt-PT\"},{\"@type\":\"Organization\",\"@id\":\"https:\/\/laboratoriosniam.com\/pt\/#organization\",\"name\":\"Laboratorios NIAM\",\"url\":\"https:\/\/laboratoriosniam.com\/pt\/\",\"logo\":{\"@type\":\"ImageObject\",\"inLanguage\":\"pt-PT\",\"@id\":\"https:\/\/laboratoriosniam.com\/pt\/#\/schema\/logo\/image\/\",\"url\":\"\",\"contentUrl\":\"\",\"caption\":\"Laboratorios NIAM\"},\"image\":{\"@id\":\"https:\/\/laboratoriosniam.com\/pt\/#\/schema\/logo\/image\/\"}},{\"@type\":\"Person\",\"@id\":\"https:\/\/laboratoriosniam.com\/pt\/#\/schema\/person\/c1c1c34767215acee176bb9c8b833481\",\"name\":\"Marta Chambel\",\"image\":{\"@type\":\"ImageObject\",\"inLanguage\":\"pt-PT\",\"@id\":\"https:\/\/secure.gravatar.com\/avatar\/ecbee470d96ae36b726835861452e152df09d541a29843fdb6a405709536294f?s=96&d=mm&r=g\",\"url\":\"https:\/\/secure.gravatar.com\/avatar\/ecbee470d96ae36b726835861452e152df09d541a29843fdb6a405709536294f?s=96&d=mm&r=g\",\"contentUrl\":\"https:\/\/secure.gravatar.com\/avatar\/ecbee470d96ae36b726835861452e152df09d541a29843fdb6a405709536294f?s=96&d=mm&r=g\",\"caption\":\"Marta Chambel\"},\"description\":\"Ap\u00f3s terminar a licenciatura optei pela especialidade de Imunoalergologia no Hospital Dona Estef\u00e2nia, onde estive 6 anos. Durante este per\u00edodo, al\u00e9m da atividade no servi\u00e7o de Imunoalergologia tamb\u00e9m trabalhei no servi\u00e7o de urg\u00eancia pedi\u00e1trico do mesmo hospital. Estou nos hospitais CUF desde 2013, atualmente com atividade nos hospitais CUF Descobertas e CUF Sintra. Acompanho doentes de todas as idades, mas sou particularmente apaixonada pelas idades pedi\u00e1tricas. Desde 2021 que sou coordenadora do Hospital-de-dia M\u00e9dico da CUF Descobertas, onde tamb\u00e9m desempenho semanalmente parte da minha atividade como m\u00e9dica Alergologista. Sou mentora das p\u00e1ginas de Instagram @sos_alergias e @saude.e.alergias, onde procuro esclarecer sobretudo quest\u00f5es relacionadas com doen\u00e7as al\u00e9rgicas, mas tamb\u00e9m com temas de sa\u00fade em geral.\",\"url\":\"https:\/\/laboratoriosniam.com\/pt\/blog\/author\/marta-chambel\/\"}]}<\/script>\n<!-- \/ Yoast SEO plugin. -->","yoast_head_json":{"title":"O que \u00e9 Pele At\u00f3pica? - Alergia na pele: Como tratar","description":"O que \u00e9 pele at\u00f3pica? Leia este artigo e saiba quais s\u00e3o os sintomas e como pode tratar esta alergia na pele.","robots":{"index":"index","follow":"follow","max-snippet":"max-snippet:-1","max-image-preview":"max-image-preview:large","max-video-preview":"max-video-preview:-1"},"canonical":"https:\/\/laboratoriosniam.com\/pt\/blog\/especialistas\/alergia-pele\/","og_locale":"pt_PT","og_type":"article","og_title":"O que \u00e9 Pele At\u00f3pica? - Alergia na pele: Como tratar","og_description":"O que \u00e9 pele at\u00f3pica? Leia este artigo e saiba quais s\u00e3o os sintomas e como pode tratar esta alergia na pele.","og_url":"https:\/\/laboratoriosniam.com\/pt\/blog\/especialistas\/alergia-pele\/","og_site_name":"Laborat\u00f3rios Niam Portugal","article_published_time":"2022-01-31T14:50:31+00:00","article_modified_time":"2025-06-27T13:52:14+00:00","og_image":[{"width":1200,"height":628,"url":"https:\/\/laboratoriosniam.com\/pt\/wp-content\/uploads\/2022\/01\/PT-PLANTILLA_Cabecera_Blog_PeleDra.-Marta.jpg","type":"image\/jpeg"}],"author":"Marta Chambel","twitter_card":"summary_large_image","twitter_misc":{"Escrito por":"Marta Chambel","Tempo estimado de leitura":"6 minutos"},"schema":{"@context":"https:\/\/schema.org","@graph":[{"@type":"Article","@id":"https:\/\/laboratoriosniam.com\/pt\/blog\/especialistas\/alergia-pele\/#article","isPartOf":{"@id":"https:\/\/laboratoriosniam.com\/pt\/blog\/especialistas\/alergia-pele\/"},"author":{"name":"Marta Chambel","@id":"https:\/\/laboratoriosniam.com\/pt\/#\/schema\/person\/c1c1c34767215acee176bb9c8b833481"},"headline":"Alergia na pele: Pele At\u00f3pica &#8211; o que \u00e9 e quais os tratamentos","datePublished":"2022-01-31T14:50:31+00:00","dateModified":"2025-06-27T13:52:14+00:00","mainEntityOfPage":{"@id":"https:\/\/laboratoriosniam.com\/pt\/blog\/especialistas\/alergia-pele\/"},"wordCount":996,"commentCount":1,"publisher":{"@id":"https:\/\/laboratoriosniam.com\/pt\/#organization"},"image":{"@id":"https:\/\/laboratoriosniam.com\/pt\/blog\/especialistas\/alergia-pele\/#primaryimage"},"thumbnailUrl":"https:\/\/laboratoriosniam.com\/pt\/wp-content\/uploads\/2022\/01\/PT-PLANTILLA_Cabecera_Blog_PeleDra.-Marta.jpg","articleSection":["Artigos de especialistas","Bem-estar","Pele"],"inLanguage":"pt-PT","potentialAction":[{"@type":"CommentAction","name":"Comment","target":["https:\/\/laboratoriosniam.com\/pt\/blog\/especialistas\/alergia-pele\/#respond"]}]},{"@type":"WebPage","@id":"https:\/\/laboratoriosniam.com\/pt\/blog\/especialistas\/alergia-pele\/","url":"https:\/\/laboratoriosniam.com\/pt\/blog\/especialistas\/alergia-pele\/","name":"O que \u00e9 Pele At\u00f3pica? - Alergia na pele: Como tratar","isPartOf":{"@id":"https:\/\/laboratoriosniam.com\/pt\/#website"},"primaryImageOfPage":{"@id":"https:\/\/laboratoriosniam.com\/pt\/blog\/especialistas\/alergia-pele\/#primaryimage"},"image":{"@id":"https:\/\/laboratoriosniam.com\/pt\/blog\/especialistas\/alergia-pele\/#primaryimage"},"thumbnailUrl":"https:\/\/laboratoriosniam.com\/pt\/wp-content\/uploads\/2022\/01\/PT-PLANTILLA_Cabecera_Blog_PeleDra.-Marta.jpg","datePublished":"2022-01-31T14:50:31+00:00","dateModified":"2025-06-27T13:52:14+00:00","description":"O que \u00e9 pele at\u00f3pica? Leia este artigo e saiba quais s\u00e3o os sintomas e como pode tratar esta alergia na pele.","breadcrumb":{"@id":"https:\/\/laboratoriosniam.com\/pt\/blog\/especialistas\/alergia-pele\/#breadcrumb"},"inLanguage":"pt-PT","potentialAction":[{"@type":"ReadAction","target":["https:\/\/laboratoriosniam.com\/pt\/blog\/especialistas\/alergia-pele\/"]}]},{"@type":"ImageObject","inLanguage":"pt-PT","@id":"https:\/\/laboratoriosniam.com\/pt\/blog\/especialistas\/alergia-pele\/#primaryimage","url":"https:\/\/laboratoriosniam.com\/pt\/wp-content\/uploads\/2022\/01\/PT-PLANTILLA_Cabecera_Blog_PeleDra.-Marta.jpg","contentUrl":"https:\/\/laboratoriosniam.com\/pt\/wp-content\/uploads\/2022\/01\/PT-PLANTILLA_Cabecera_Blog_PeleDra.-Marta.jpg","width":1200,"height":628,"caption":"Marta Chambel - Alergologista Laborat\u00f3rios Niam"},{"@type":"BreadcrumbList","@id":"https:\/\/laboratoriosniam.com\/pt\/blog\/especialistas\/alergia-pele\/#breadcrumb","itemListElement":[{"@type":"ListItem","position":1,"name":"In\u00edcio","item":"https:\/\/laboratoriosniam.com\/pt\/"},{"@type":"ListItem","position":2,"name":"Artigos de especialistas","item":"https:\/\/laboratoriosniam.com\/pt\/blog\/especialistas\/"},{"@type":"ListItem","position":3,"name":"Alergia na pele: Pele At\u00f3pica &#8211; o que \u00e9 e quais os tratamentos"}]},{"@type":"WebSite","@id":"https:\/\/laboratoriosniam.com\/pt\/#website","url":"https:\/\/laboratoriosniam.com\/pt\/","name":"Laborat\u00f3rios Niam Portugal","description":"Suplementos alimentares - efic\u00e1cia natural","publisher":{"@id":"https:\/\/laboratoriosniam.com\/pt\/#organization"},"potentialAction":[{"@type":"SearchAction","target":{"@type":"EntryPoint","urlTemplate":"https:\/\/laboratoriosniam.com\/pt\/?s={search_term_string}"},"query-input":{"@type":"PropertyValueSpecification","valueRequired":true,"valueName":"search_term_string"}}],"inLanguage":"pt-PT"},{"@type":"Organization","@id":"https:\/\/laboratoriosniam.com\/pt\/#organization","name":"Laboratorios NIAM","url":"https:\/\/laboratoriosniam.com\/pt\/","logo":{"@type":"ImageObject","inLanguage":"pt-PT","@id":"https:\/\/laboratoriosniam.com\/pt\/#\/schema\/logo\/image\/","url":"","contentUrl":"","caption":"Laboratorios NIAM"},"image":{"@id":"https:\/\/laboratoriosniam.com\/pt\/#\/schema\/logo\/image\/"}},{"@type":"Person","@id":"https:\/\/laboratoriosniam.com\/pt\/#\/schema\/person\/c1c1c34767215acee176bb9c8b833481","name":"Marta Chambel","image":{"@type":"ImageObject","inLanguage":"pt-PT","@id":"https:\/\/secure.gravatar.com\/avatar\/ecbee470d96ae36b726835861452e152df09d541a29843fdb6a405709536294f?s=96&d=mm&r=g","url":"https:\/\/secure.gravatar.com\/avatar\/ecbee470d96ae36b726835861452e152df09d541a29843fdb6a405709536294f?s=96&d=mm&r=g","contentUrl":"https:\/\/secure.gravatar.com\/avatar\/ecbee470d96ae36b726835861452e152df09d541a29843fdb6a405709536294f?s=96&d=mm&r=g","caption":"Marta Chambel"},"description":"Ap\u00f3s terminar a licenciatura optei pela especialidade de Imunoalergologia no Hospital Dona Estef\u00e2nia, onde estive 6 anos. Durante este per\u00edodo, al\u00e9m da atividade no servi\u00e7o de Imunoalergologia tamb\u00e9m trabalhei no servi\u00e7o de urg\u00eancia pedi\u00e1trico do mesmo hospital. Estou nos hospitais CUF desde 2013, atualmente com atividade nos hospitais CUF Descobertas e CUF Sintra. Acompanho doentes de todas as idades, mas sou particularmente apaixonada pelas idades pedi\u00e1tricas. Desde 2021 que sou coordenadora do Hospital-de-dia M\u00e9dico da CUF Descobertas, onde tamb\u00e9m desempenho semanalmente parte da minha atividade como m\u00e9dica Alergologista. Sou mentora das p\u00e1ginas de Instagram @sos_alergias e @saude.e.alergias, onde procuro esclarecer sobretudo quest\u00f5es relacionadas com doen\u00e7as al\u00e9rgicas, mas tamb\u00e9m com temas de sa\u00fade em geral.","url":"https:\/\/laboratoriosniam.com\/pt\/blog\/author\/marta-chambel\/"}]}},"_links":{"self":[{"href":"https:\/\/laboratoriosniam.com\/pt\/wp-json\/wp\/v2\/posts\/8730","targetHints":{"allow":["GET"]}}],"collection":[{"href":"https:\/\/laboratoriosniam.com\/pt\/wp-json\/wp\/v2\/posts"}],"about":[{"href":"https:\/\/laboratoriosniam.com\/pt\/wp-json\/wp\/v2\/types\/post"}],"author":[{"embeddable":true,"href":"https:\/\/laboratoriosniam.com\/pt\/wp-json\/wp\/v2\/users\/24"}],"replies":[{"embeddable":true,"href":"https:\/\/laboratoriosniam.com\/pt\/wp-json\/wp\/v2\/comments?post=8730"}],"version-history":[{"count":19,"href":"https:\/\/laboratoriosniam.com\/pt\/wp-json\/wp\/v2\/posts\/8730\/revisions"}],"predecessor-version":[{"id":92262,"href":"https:\/\/laboratoriosniam.com\/pt\/wp-json\/wp\/v2\/posts\/8730\/revisions\/92262"}],"wp:featuredmedia":[{"embeddable":true,"href":"https:\/\/laboratoriosniam.com\/pt\/wp-json\/wp\/v2\/media\/74452"}],"wp:attachment":[{"href":"https:\/\/laboratoriosniam.com\/pt\/wp-json\/wp\/v2\/media?parent=8730"}],"wp:term":[{"taxonomy":"category","embeddable":true,"href":"https:\/\/laboratoriosniam.com\/pt\/wp-json\/wp\/v2\/categories?post=8730"},{"taxonomy":"post_tag","embeddable":true,"href":"https:\/\/laboratoriosniam.com\/pt\/wp-json\/wp\/v2\/tags?post=8730"}],"curies":[{"name":"wp","href":"https:\/\/api.w.org\/{rel}","templated":true}]}}